{"id":2011,"date":"2026-04-29T02:43:00","date_gmt":"2026-04-29T00:43:00","guid":{"rendered":"https:\/\/escrebieux-environnement.fr\/site\/?p=2011"},"modified":"2026-04-26T08:52:11","modified_gmt":"2026-04-26T06:52:11","slug":"plui-osartis-marquion-2","status":"publish","type":"post","link":"https:\/\/escrebieux-environnement.fr\/site\/plui-osartis-marquion-2\/","title":{"rendered":"PLUi Osartis-Marquion"},"content":{"rendered":"\n<p class=\"has-x-large-font-size\"><strong>Plan Local d&rsquo;Urbanisme intercommunal<\/strong><\/p>\n\n\n\n<p>Une suite de lettres a \u00e9t\u00e9 envoy\u00e9es sur le sujet.<\/p>\n\n\n\n<p>ESCREBIEUX a fourni des \u00e9l\u00e9ments, Osartis \u00e0 r\u00e9pondu.<br>Voil\u00e0 ce que cela a donn\u00e9 dans le document joint&nbsp;:<\/p>\n\n\n\n<p><a href=\"https:\/\/escrebieux-environnement.fr\/site\/wp-content\/uploads\/2026\/04\/PLUI_Dossier-complet-ESCREBIEUX_Osartis-Marquion-2601et-02.pdf \">https:\/\/escrebieux-environnement.fr\/site\/wp-content\/uploads\/2026\/04\/PLUI_Dossier-complet-ESCREBIEUX_Osartis-Marquion-2601et-02.pdf <\/a><\/p>\n\n\n\n<p><\/p>\n","protected":false},"excerpt":{"rendered":"<p>Plan Local d&rsquo;Urbanisme intercommunal Une suite de lettres a \u00e9t\u00e9 envoy\u00e9es sur le sujet. ESCREBIEUX a fourni des \u00e9l\u00e9ments, Osartis \u00e0 r\u00e9pondu.Voil\u00e0 ce que cela a donn\u00e9 dans le document joint&nbsp;: https:\/\/escrebieux-environnement.fr\/site\/wp-content\/uploads\/2026\/04\/PLUI_Dossier-complet-ESCREBIEUX_Osartis-Marquion-2601et-02.pdf<\/p>\n","protected":false},"author":2,"featured_media":0,"comment_status":"closed","ping_status":"open","sticky":false,"template":"","format":"standard","meta":{"footnotes":""},"categories":[1],"tags":[],"class_list":["post-2011","post","type-post","status-publish","format-standard","hentry","category-uncategorized"],"_links":{"self":[{"href":"https:\/\/escrebieux-environnement.fr\/site\/wp-json\/wp\/v2\/posts\/2011","targetHints":{"allow":["GET"]}}],"collection":[{"href":"https:\/\/escrebieux-environnement.fr\/site\/wp-json\/wp\/v2\/posts"}],"about":[{"href":"https:\/\/escrebieux-environnement.fr\/site\/wp-json\/wp\/v2\/types\/post"}],"author":[{"embeddable":true,"href":"https:\/\/escrebieux-environnement.fr\/site\/wp-json\/wp\/v2\/users\/2"}],"replies":[{"embeddable":true,"href":"https:\/\/escrebieux-environnement.fr\/site\/wp-json\/wp\/v2\/comments?post=2011"}],"version-history":[{"count":6,"href":"https:\/\/escrebieux-environnement.fr\/site\/wp-json\/wp\/v2\/posts\/2011\/revisions"}],"predecessor-version":[{"id":2018,"href":"https:\/\/escrebieux-environnement.fr\/site\/wp-json\/wp\/v2\/posts\/2011\/revisions\/2018"}],"wp:attachment":[{"href":"https:\/\/escrebieux-environnement.fr\/site\/wp-json\/wp\/v2\/media?parent=2011"}],"wp:term":[{"taxonomy":"category","embeddable":true,"href":"https:\/\/escrebieux-environnement.fr\/site\/wp-json\/wp\/v2\/categories?post=2011"},{"taxonomy":"post_tag","embeddable":true,"href":"https:\/\/escrebieux-environnement.fr\/site\/wp-json\/wp\/v2\/tags?post=2011"}],"curies":[{"name":"wp","href":"https:\/\/api.w.org\/{rel}","templated":true}]}}