{"id":2063,"date":"2026-09-02T02:33:00","date_gmt":"2026-09-02T00:33:00","guid":{"rendered":"https:\/\/escrebieux-environnement.fr\/site\/?p=2063"},"modified":"2026-08-31T09:39:22","modified_gmt":"2026-08-31T07:39:22","slug":"quand-la-realite-du-terrain-bouscule-lideologie","status":"publish","type":"post","link":"https:\/\/escrebieux-environnement.fr\/site\/quand-la-realite-du-terrain-bouscule-lideologie\/","title":{"rendered":"Quand la r\u00e9alit\u00e9 du terrain bouscule l\u2019id\u00e9ologie"},"content":{"rendered":"\n<h1 class=\"wp-block-heading has-medium-font-size\">Le t\u00e9moignage de <strong>Bernadette Kaars<\/strong> rappelle une v\u00e9rit\u00e9 que les promoteurs \u00e9oliens tentent trop souvent de masquer : l\u2019impact d\u00e9vastateur sur la sant\u00e9 et la tranquillit\u00e9.<\/h1>\n\n\n\n<ul class=\"wp-block-list\">\n<li><strong>Une nuisance sans r\u00e9pit :<\/strong> Contrairement aux id\u00e9es re\u00e7ues, le bruit des \u00e9oliennes ne s\u2019arr\u00eate jamais. C\u2019est un mart\u00e8lement constant, jour et nuit, sans week-end ni jour f\u00e9ri\u00e9.<\/li>\n\n\n\n<li><strong>L\u2019atteinte \u00e0 la sant\u00e9 :<\/strong> Ce n\u2019est pas seulement une question de volume, mais de fr\u00e9quence. Cette pr\u00e9sence sonore obs\u00e9dante finit par user les nerfs et d\u00e9grader la sant\u00e9 mentale des habitants.<\/li>\n\n\n\n<li><strong>La perte de valeur du patrimoine :<\/strong> Derri\u00e8re ces machines se cache une spoliation immobili\u00e8re r\u00e9elle pour ceux qui ont investi toute une vie dans leur maison.<\/li>\n<\/ul>\n\n\n\n<h3 class=\"wp-block-heading\">Un dialogue de sourds entre Paris et nos campagnes<\/h3>\n\n\n\n<p class=\"wp-block-paragraph\">La confrontation met en lumi\u00e8re le foss\u00e9 grandissant entre deux mondes. D\u2019un c\u00f4t\u00e9, une vision politique et th\u00e9orique d\u00e9fendue par <strong>Marine Tondelier<\/strong>, qui voit l\u2019\u00e9olien comme une n\u00e9cessit\u00e9 statistique. De l\u2019autre, la souffrance concr\u00e8te de citoyens qui voient leur cadre de vie sacrifi\u00e9.<\/p>\n\n\n\n<blockquote class=\"wp-block-quote is-layout-flow wp-block-quote-is-layout-flow\">\n<p class=\"wp-block-paragraph\">\u00ab&nbsp;On ne peut pas construire une transition \u00e9cologique sur la souffrance des populations rurales.&nbsp;\u00bb<\/p>\n<\/blockquote>\n\n\n\n<p class=\"wp-block-paragraph\">Cet \u00e9change d\u00e9montre que le d\u00e9ploiement actuel de l\u2019\u00e9olien est per\u00e7u comme une intrusion brutale, impos\u00e9e sans r\u00e9elle concertation et au m\u00e9pris des r\u00e9alit\u00e9s g\u00e9ographiques et humaines de nos territoires.<\/p>\n\n\n\n<h3 class=\"wp-block-heading\">Pourquoi cette vid\u00e9o concerne le Pays de la Ch\u00e2taigneraie ?<\/h3>\n\n\n\n<p class=\"wp-block-paragraph\">\u00c0 <strong>Vent des Noues<\/strong>, nous refusons que notre territoire devienne une zone industrielle \u00e0 ciel ouvert. Les arguments port\u00e9s par <strong>Bernadette Kaars<\/strong> dans cette vid\u00e9o sont les n\u00f4tres :<\/p>\n\n\n\n<ol class=\"wp-block-list\">\n<li><strong>Pr\u00e9server notre environnement :<\/strong> La biodiversit\u00e9 et nos paysages ne sont pas des variables d\u2019ajustement pour des objectifs de production intermittente.<\/li>\n\n\n\n<li><strong>Prot\u00e9ger les habitants :<\/strong> La sant\u00e9 et la s\u00e9curit\u00e9 des riverains du Pays de La Ch\u00e2taigneraie doivent primer sur les int\u00e9r\u00eats financiers des promoteurs.<\/li>\n\n\n\n<li><strong>Exiger le respect :<\/strong> Nous demandons un arr\u00eat du d\u00e9ploiement anarchique et une prise en compte r\u00e9elle des nuisances acoustiques d\u00e9nonc\u00e9es dans ce d\u00e9bat.<\/li>\n<\/ol>\n","protected":false},"excerpt":{"rendered":"<p>Le t\u00e9moignage de Bernadette Kaars rappelle une v\u00e9rit\u00e9 que les promoteurs \u00e9oliens tentent trop souvent de masquer : l\u2019impact d\u00e9vastateur sur la sant\u00e9 et la tranquillit\u00e9. Un dialogue de sourds entre Paris et nos campagnes La confrontation met en lumi\u00e8re le foss\u00e9 grandissant entre deux mondes. D\u2019un c\u00f4t\u00e9, une vision politique et th\u00e9orique d\u00e9fendue par [&hellip;]<\/p>\n","protected":false},"author":2,"featured_media":0,"comment_status":"closed","ping_status":"open","sticky":false,"template":"","format":"standard","meta":{"footnotes":""},"categories":[1],"tags":[],"class_list":["post-2063","post","type-post","status-publish","format-standard","hentry","category-uncategorized"],"_links":{"self":[{"href":"https:\/\/escrebieux-environnement.fr\/site\/wp-json\/wp\/v2\/posts\/2063","targetHints":{"allow":["GET"]}}],"collection":[{"href":"https:\/\/escrebieux-environnement.fr\/site\/wp-json\/wp\/v2\/posts"}],"about":[{"href":"https:\/\/escrebieux-environnement.fr\/site\/wp-json\/wp\/v2\/types\/post"}],"author":[{"embeddable":true,"href":"https:\/\/escrebieux-environnement.fr\/site\/wp-json\/wp\/v2\/users\/2"}],"replies":[{"embeddable":true,"href":"https:\/\/escrebieux-environnement.fr\/site\/wp-json\/wp\/v2\/comments?post=2063"}],"version-history":[{"count":3,"href":"https:\/\/escrebieux-environnement.fr\/site\/wp-json\/wp\/v2\/posts\/2063\/revisions"}],"predecessor-version":[{"id":2066,"href":"https:\/\/escrebieux-environnement.fr\/site\/wp-json\/wp\/v2\/posts\/2063\/revisions\/2066"}],"wp:attachment":[{"href":"https:\/\/escrebieux-environnement.fr\/site\/wp-json\/wp\/v2\/media?parent=2063"}],"wp:term":[{"taxonomy":"category","embeddable":true,"href":"https:\/\/escrebieux-environnement.fr\/site\/wp-json\/wp\/v2\/categories?post=2063"},{"taxonomy":"post_tag","embeddable":true,"href":"https:\/\/escrebieux-environnement.fr\/site\/wp-json\/wp\/v2\/tags?post=2063"}],"curies":[{"name":"wp","href":"https:\/\/api.w.org\/{rel}","templated":true}]}}